{"id":456,"date":"2003-07-01T15:07:36","date_gmt":"2003-07-01T15:07:36","guid":{"rendered":"http:\/\/rouhiainen.netfinn12.info\/wp\/?p=456"},"modified":"2016-02-27T11:17:15","modified_gmt":"2016-02-27T11:17:15","slug":"riemullinen-muutto-se-veikon-ensimmainen","status":"publish","type":"post","link":"http:\/\/www.rouhiainen.fi\/?p=456","title":{"rendered":"Riemullinen muutto (se Veikon ensimm\u00e4inen)"},"content":{"rendered":"<p>[1.7.2003, Onni Rouhiainen]<\/p>\n<p>Aarne oli sin\u00e4 talvena, kun Veikko syntyi, savotassa Kuorevedell\u00e4. Majoitus oli k\u00e4mp\u00e4ss\u00e4, joka oli hirrest\u00e4 tehty, eik\u00e4 ollut mit\u00e4\u00e4n k\u00e4mpp\u00e4em\u00e4nt\u00e4\u00e4 vaan jokainen huolehti itse kaikesta henkil\u00f6kohtaisista tarpeistaan.<\/p>\n<p>Ty\u00f6 olikin sitten yhti\u00f6n tarjoamaa, tehtiin m\u00e4ntyleimikosta tukkia, jotka kuorittiin p\u00e4\u00e4osin mets\u00e4ss\u00e4. Ne ajettiin sitten Kuoreveden j\u00e4\u00e4lle ja kuorimattomat rantaan. T\u00e4ss\u00e4 savotassa olin viikon min\u00e4kin kun sahaaminen ei oikein kiinnostanut pakkasen takia. T\u00e4\u00e4ll\u00e4 n\u00e4in my\u00f6s ensikerran puunkaadossa moottorisahan. Aholan Kalle oli kaatamassa sill\u00e4 yhti\u00f6n puolesta niit\u00e4 m\u00e4ntyj\u00e4. Saha oli yhti\u00f6n omaisuutta.<\/p>\n<p>Saha piti laittaa siell\u00e4 k\u00e4mp\u00e4ss\u00e4 k\u00e4yntiin, kun se ei suostunut kylm\u00e4ss\u00e4 k\u00e4ynnistym\u00e4\u00e4n. Ahkiolla se sitten vedettiin puun juurelle, jolta piti olla sen verran palstamiehen lapioimaa lunta pois, ett\u00e4 sopi sahaamaan. Lunta oli silloin paljon. T\u00e4m\u00e4 kaato oli suuri etu miehille justeerin kaatoon verrattuna, ei tarvinnut lapioida paksua lunta niin laajasti. T\u00e4m\u00e4 saha oli my\u00f6s aika painava, taisi painaa 15-30 kilon paikkeilla. Jos se sammui maastossa, ei se my\u00f6sk\u00e4\u00e4n helpolla suostunut mets\u00e4ss\u00e4 k\u00e4ynnistym\u00e4\u00e4n. Piti p\u00e4\u00e4st\u00e4 takaisin k\u00e4mpp\u00e4\u00e4n.<\/p>\n<p>Aarne k\u00e4vi kotona. Lauantai-iltana tuli hevosmiesten kanssa ja pyh\u00e4iltana tai maanantai-aamuna sitten meni takaisin. Aino ja tyt\u00f6t asuivat silloin Tapiossa siin\u00e4 tuvan (pirtin) puoleisen eteisen per\u00e4kamarissa, kun Veikko syntyi.<\/p>\n<p>Veikko oli silloin pienen\u00e4 hyvin terhakka poika. Kun ne asuinrakennuksen rakennusty\u00f6t sitten olivat edenneet niin pitk\u00e4lle, ett\u00e4 siell\u00e4 voi jotenkuten asua, alkoivat ne muuttohommat kangastella mieless\u00e4. Taisi olla vuoden 1954 kes\u00e4.<\/p>\n<p>Aarne ja Aino olivat jo melkein kaikki tavarat vieneet. Aino ja tyt\u00f6t olivat jo uudessa kodissa ja Aarne haki viimeist\u00e4 k\u00e4rrykuormaa Tapiosta. Kuorma ei sitten en\u00e4\u00e4 niin t\u00e4yteen tullutkaan. Se oli t\u00e4rke\u00e4\u00e4, kun Veikko oli viel\u00e4 Tapiossa (ettei ollut muutossa tiell\u00e4). Viimein kuorma oli jo muuten valmis, mutta Veikolle piti viel\u00e4 l\u00f6yt\u00e4\u00e4 paikka. Ja l\u00f6ytyih\u00e4n se, kun oli kyydiss\u00e4 se pieni keinutuoli , jonka Aarne oli tehnyt. Taisi olla Einari, joka nosti Veikon siihen istumaan ja siin\u00e4 oli my\u00f6s pieni huuliharppu pojalla. Sitten Aarne hypp\u00e4si ohjakset k\u00e4dess\u00e4 k\u00e4rryjen per\u00e4osaan seisomaan, josta n\u00e4ki kaikkien pysyv\u00e4n mukana. Ennen kuin kerkesi liikkeelle, alkoi huuliharppu soida ja keinu keinua. Ei siin\u00e4 tainnut nuoteissa olla j\u00e4rjestyst\u00e4, mutta \u00e4\u00e4nt\u00e4 tuli.<\/p>\n<p>T\u00e4m\u00e4 oli semmoinen joka teki kaikkiin l\u00e4sn\u00e4oleviin vaikutuksen. Niin uskon, ett\u00e4 monella k\u00e4vi mieless\u00e4 18 vuoden takainen aika, jossa Veikon \u00e4idin muutossa oli kaikki t\u00e4sm\u00e4lleen p\u00e4invastoin.<\/p>\n<p>Niinh\u00e4n se Veikon el\u00e4m\u00e4 alkoi siin\u00e4 Hakolanlahden sivussa, jota min\u00e4kin sivusta seurasin Tapiosta vajaan kilometrin p\u00e4\u00e4ss\u00e4 kes\u00e4\u00e4 1959 asti<\/p>\n<p>Maaliskuussa 2002 muisteli Onni-set\u00e4<\/p>\n","protected":false},"excerpt":{"rendered":"<p>[1.7.2003, Onni Rouhiainen] Aarne oli sin\u00e4 talvena, kun Veikko syntyi, savotassa Kuorevedell\u00e4. Majoitus oli k\u00e4mp\u00e4ss\u00e4, joka oli hirrest\u00e4 tehty, eik\u00e4 ollut mit\u00e4\u00e4n k\u00e4mpp\u00e4em\u00e4nt\u00e4\u00e4 vaan jokainen huolehti itse kaikesta henkil\u00f6kohtaisista tarpeistaan. Ty\u00f6 olikin sitten yhti\u00f6n tarjoamaa, tehtiin m\u00e4ntyleimikosta tukkia, jotka kuorittiin p\u00e4\u00e4osin mets\u00e4ss\u00e4. Ne ajettiin sitten Kuoreveden j\u00e4\u00e4lle ja kuorimattomat rantaan. T\u00e4ss\u00e4 savotassa olin viikon min\u00e4kin<\/p>\n","protected":false},"author":1,"featured_media":0,"comment_status":"closed","ping_status":"open","sticky":false,"template":"","format":"standard","meta":[],"categories":[1],"tags":[],"_links":{"self":[{"href":"http:\/\/www.rouhiainen.fi\/index.php?rest_route=\/wp\/v2\/posts\/456"}],"collection":[{"href":"http:\/\/www.rouhiainen.fi\/index.php?rest_route=\/wp\/v2\/posts"}],"about":[{"href":"http:\/\/www.rouhiainen.fi\/index.php?rest_route=\/wp\/v2\/types\/post"}],"author":[{"embeddable":true,"href":"http:\/\/www.rouhiainen.fi\/index.php?rest_route=\/wp\/v2\/users\/1"}],"replies":[{"embeddable":true,"href":"http:\/\/www.rouhiainen.fi\/index.php?rest_route=%2Fwp%2Fv2%2Fcomments&post=456"}],"version-history":[{"count":3,"href":"http:\/\/www.rouhiainen.fi\/index.php?rest_route=\/wp\/v2\/posts\/456\/revisions"}],"predecessor-version":[{"id":479,"href":"http:\/\/www.rouhiainen.fi\/index.php?rest_route=\/wp\/v2\/posts\/456\/revisions\/479"}],"wp:attachment":[{"href":"http:\/\/www.rouhiainen.fi\/index.php?rest_route=%2Fwp%2Fv2%2Fmedia&parent=456"}],"wp:term":[{"taxonomy":"category","embeddable":true,"href":"http:\/\/www.rouhiainen.fi\/index.php?rest_route=%2Fwp%2Fv2%2Fcategories&post=456"},{"taxonomy":"post_tag","embeddable":true,"href":"http:\/\/www.rouhiainen.fi\/index.php?rest_route=%2Fwp%2Fv2%2Ftags&post=456"}],"curies":[{"name":"wp","href":"https:\/\/api.w.org\/{rel}","templated":true}]}}